{"id":121,"date":"2014-04-01T10:29:45","date_gmt":"2014-04-01T10:29:45","guid":{"rendered":"http:\/\/www.wetaplast.se\/wordpress\/?p=121"},"modified":"2017-06-15T10:30:17","modified_gmt":"2017-06-15T10:30:17","slug":"nr-2-2014","status":"publish","type":"post","link":"http:\/\/www.wetaplast.se\/en\/nr-2-2014\/","title":{"rendered":"Nr 2 \/2014"},"content":{"rendered":"<p><span style=\"font-size: 10px;\">April 2014 \u00a0\u00a0\u00a0\u00a0\u00a0\u00a0\u00a0\u00a0\u00a0\u00a0\u00a0\u00a0\u00a0\u00a0\u00a0\u00a0\u00a0\u00a0\u00a0\u00a0\u00a0\u00a0\u00a0\u00a0\u00a0\u00a0\u00a0\u00a0\u00a0\u00a0\u00a0\u00a0\u00a0\u00a0\u00a0\u00a0\u00a0\u00a0\u00a0\u00a0 \u00a0 \u00a0 \u00a0 \u00a0 \u00a0 \u00a0 \u00a0 \u00a0 \u00a0 \u00a0 \u00a0 \u00a0 \u00a0 \u00a0 \u00a0 \u00a0 \u00a0 \u00a0 \u00a0 \u00a0 \u00a0 \u00a0 \u00a0 \u00a0 \u00a0\u00a0 \u00a0 \u00a0\u00a0 Nr 2 \/2014<\/span><\/p>\n<p style=\"text-align: center;\"><img decoding=\"async\" style=\"width: 155px; height: 250px;\" src=\"\/httpdocs\/sites\/default\/files\/nyhetsbrev-2-14.jpg\" alt=\"\" \/><\/p>\n<h4>Hej!<\/h4>\n<p><em>Andra nyhetsbrevet f\u00f6r 2014. Med vintern blev det si o s\u00e5. Bara 14 dagar med farbar is \u2013f\u00f6r sv\u00e4vare! Ingen skoter\u00e5kning!<\/em><em>.<\/em><\/p>\n<ul>\n<li>Vi forts\u00e4tter med 4 dagars veckor f\u00f6r att utnyttja kapaciteten p\u00e5 b\u00e4sta m\u00f6jliga s\u00e4tt, beh\u00f6ver vi jobba fredagar s\u00e5 g\u00f6r vi det annars f\u00e5r det bli en dag till \u201degenarbete\u201d s\u00e5som vedb\u00e4rning mm. Alternativ k\u00e4rlek till fordon som f\u00f6retaget \u00e4ger (b\u00e5t, moppe, traktor \u2013 ja det finns att g\u00f6ra\u2026)<\/li>\n<\/ul>\n<ul>\n<li>Snart \u00e4r det dags (16\/5)f\u00f6r den \u00e5rliga h\u00f6jningen av priser pga kollektiv avtalet fr\u00e5n 2013. Vi ska f\u00f6rs\u00f6ka l\u00e5ta bli att h\u00f6ja f\u00f6r mycket f\u00f6r att alla ska forts\u00e4tta handla svenskt och stanna kvar hos oss och v\u00e5ra kollegor s\u00e5 i maj n\u00e4r det \u00e4r dags kommer vi bara h\u00f6ja priserna med <u>1,13%<\/u> (ist\u00e4llet f\u00f6r 2,26% som \u00e4r den lagliga h\u00f6jningen) och s\u00e5 f\u00e5r vi hoppas att det r\u00e4cker f\u00f6r 2014. Kostnader som vi inte r\u00e5r \u00f6ver kan tyv\u00e4rr \u00e4ndra prisbilden men vi h\u00e5ller tummarna f\u00f6r att det inte heller blir f\u00f6r stora.<\/li>\n<li>Passa p\u00e5 att boka ett bes\u00f6k hos oss nu i v\u00e5r. Kanske du inte sett hur v\u00e5r industri fungerar med produktion och bearbetning, det kan ju vara sp\u00e4nnande att se fr\u00e5n plastskiva till f\u00e4rdig produkt.<\/li>\n<\/ul>\n<p><em>\/\/ Peter &amp; Lotta med personal<\/em><\/p>\n<p><em><span style=\"font-size: 10px;\">Ps. Gl\u00f6m inte \u2026 det \u00e4r bara att ringa om ni har fr\u00e5gor om plast.<\/span><\/em><\/p>\n","protected":false},"excerpt":{"rendered":"<p>April 2014 \u00a0\u00a0\u00a0\u00a0\u00a0\u00a0\u00a0\u00a0\u00a0\u00a0\u00a0\u00a0\u00a0\u00a0\u00a0\u00a0\u00a0\u00a0\u00a0\u00a0\u00a0\u00a0\u00a0\u00a0\u00a0\u00a0\u00a0\u00a0\u00a0\u00a0\u00a0\u00a0\u00a0\u00a0\u00a0\u00a0\u00a0\u00a0\u00a0\u00a0 \u00a0 \u00a0 \u00a0 \u00a0 \u00a0 \u00a0 \u00a0 \u00a0 \u00a0 \u00a0 \u00a0 \u00a0 \u00a0 \u00a0 \u00a0 \u00a0 \u00a0 \u00a0 \u00a0 \u00a0 \u00a0 \u00a0 \u00a0 \u00a0 \u00a0\u00a0 \u00a0 \u00a0\u00a0 Nr 2 \/2014 Hej! Andra nyhetsbrevet f\u00f6r 2014. Med vintern blev det si o s\u00e5. Bara 14 dagar med farbar is \u2013f\u00f6r sv\u00e4vare! Ingen skoter\u00e5kning!. &#8230; <a title=\"Nr 2 \/2014\" class=\"read-more\" href=\"http:\/\/www.wetaplast.se\/en\/nr-2-2014\/\" aria-label=\"Read more about Nr 2 \/2014\">Read more<\/a><\/p>\n","protected":false},"author":1,"featured_media":0,"comment_status":"open","ping_status":"open","sticky":false,"template":"","format":"standard","meta":{"footnotes":""},"categories":[1],"tags":[],"class_list":["post-121","post","type-post","status-publish","format-standard","hentry","category-uncategorized"],"translation":{"provider":"WPGlobus","version":"3.0.0","language":"en","enabled_languages":["sv","en"],"languages":{"sv":{"title":true,"content":true,"excerpt":false},"en":{"title":false,"content":false,"excerpt":false}}},"_links":{"self":[{"href":"http:\/\/www.wetaplast.se\/en\/wp-json\/wp\/v2\/posts\/121","targetHints":{"allow":["GET"]}}],"collection":[{"href":"http:\/\/www.wetaplast.se\/en\/wp-json\/wp\/v2\/posts"}],"about":[{"href":"http:\/\/www.wetaplast.se\/en\/wp-json\/wp\/v2\/types\/post"}],"author":[{"embeddable":true,"href":"http:\/\/www.wetaplast.se\/en\/wp-json\/wp\/v2\/users\/1"}],"replies":[{"embeddable":true,"href":"http:\/\/www.wetaplast.se\/en\/wp-json\/wp\/v2\/comments?post=121"}],"version-history":[{"count":1,"href":"http:\/\/www.wetaplast.se\/en\/wp-json\/wp\/v2\/posts\/121\/revisions"}],"predecessor-version":[{"id":122,"href":"http:\/\/www.wetaplast.se\/en\/wp-json\/wp\/v2\/posts\/121\/revisions\/122"}],"wp:attachment":[{"href":"http:\/\/www.wetaplast.se\/en\/wp-json\/wp\/v2\/media?parent=121"}],"wp:term":[{"taxonomy":"category","embeddable":true,"href":"http:\/\/www.wetaplast.se\/en\/wp-json\/wp\/v2\/categories?post=121"},{"taxonomy":"post_tag","embeddable":true,"href":"http:\/\/www.wetaplast.se\/en\/wp-json\/wp\/v2\/tags?post=121"}],"curies":[{"name":"wp","href":"https:\/\/api.w.org\/{rel}","templated":true}]}}